{"id":594,"date":"2017-03-01T14:11:06","date_gmt":"2017-03-01T13:11:06","guid":{"rendered":"http:\/\/uvvvdolinakardinala.hr\/?p=594"},"modified":"2017-03-01T14:11:06","modified_gmt":"2017-03-01T13:11:06","slug":"ocjenjivanje-vina-krajem-travnja","status":"publish","type":"post","link":"https:\/\/uvvvdolinakardinala.hr\/?p=594","title":{"rendered":"Ocjenjivanje vina krajem travnja!"},"content":{"rendered":"<p>Ovogodi\u0161nje ocjenjivanje vina odr\u017eat \u0107e se 27.04.2017. sa po\u010detkom u 18:00 sati, te 28.04.2017. godine sa po\u010detkom u 16:00 sati. Zbog velikoga broja uzoraka vina odlu\u010dili smo sa predsjednikom komisije g.Zdenkom Ivankovi\u0107em da ocjenjivanje bude 2 dana, a sve ostale informacije oko preuzimanja uzoraka obavijestit \u0107emo prije po\u010detka ocjenjivanjanja!<\/p>\n<p><a href=\"https:\/\/uvvvdolinakardinala.hr\/wp-content\/uploads\/2017\/03\/IMG_1641.jpg\"><img decoding=\"async\" loading=\"lazy\" class=\"alignnone size-full wp-image-595\" src=\"https:\/\/uvvvdolinakardinala.hr\/wp-content\/uploads\/2017\/03\/IMG_1641.jpg\" alt=\"\" width=\"2268\" height=\"1512\" srcset=\"https:\/\/uvvvdolinakardinala.hr\/wp-content\/uploads\/2017\/03\/IMG_1641.jpg 2268w, https:\/\/uvvvdolinakardinala.hr\/wp-content\/uploads\/2017\/03\/IMG_1641-300x200.jpg 300w, https:\/\/uvvvdolinakardinala.hr\/wp-content\/uploads\/2017\/03\/IMG_1641-768x512.jpg 768w, https:\/\/uvvvdolinakardinala.hr\/wp-content\/uploads\/2017\/03\/IMG_1641-1024x683.jpg 1024w, https:\/\/uvvvdolinakardinala.hr\/wp-content\/uploads\/2017\/03\/IMG_1641-900x600.jpg 900w, https:\/\/uvvvdolinakardinala.hr\/wp-content\/uploads\/2017\/03\/IMG_1641-1280x853.jpg 1280w\" sizes=\"(max-width: 2268px) 100vw, 2268px\" \/><\/a><\/p>\n<p>&nbsp;<\/p>\n","protected":false},"excerpt":{"rendered":"<p>Ovogodi\u0161nje ocjenjivanje vina odr\u017eat \u0107e se 27.04.2017. sa po\u010detkom u 18:00 sati, te 28.04.2017. godine sa po\u010detkom u 16:00 sati. Zbog velikoga broja uzoraka vina odlu\u010dili smo sa predsjednikom komisije g.Zdenkom Ivankovi\u0107em da ocjenjivanje bude 2 dana, a sve ostale informacije oko preuzimanja uzoraka obavijestit \u0107emo prije po\u010detka ocjenjivanjanja! &nbsp;<\/p>\n","protected":false},"author":2,"featured_media":0,"comment_status":"closed","ping_status":"open","sticky":false,"template":"","format":"standard","meta":[],"categories":[1],"tags":[],"_links":{"self":[{"href":"https:\/\/uvvvdolinakardinala.hr\/index.php?rest_route=\/wp\/v2\/posts\/594"}],"collection":[{"href":"https:\/\/uvvvdolinakardinala.hr\/index.php?rest_route=\/wp\/v2\/posts"}],"about":[{"href":"https:\/\/uvvvdolinakardinala.hr\/index.php?rest_route=\/wp\/v2\/types\/post"}],"author":[{"embeddable":true,"href":"https:\/\/uvvvdolinakardinala.hr\/index.php?rest_route=\/wp\/v2\/users\/2"}],"replies":[{"embeddable":true,"href":"https:\/\/uvvvdolinakardinala.hr\/index.php?rest_route=%2Fwp%2Fv2%2Fcomments&post=594"}],"version-history":[{"count":1,"href":"https:\/\/uvvvdolinakardinala.hr\/index.php?rest_route=\/wp\/v2\/posts\/594\/revisions"}],"predecessor-version":[{"id":598,"href":"https:\/\/uvvvdolinakardinala.hr\/index.php?rest_route=\/wp\/v2\/posts\/594\/revisions\/598"}],"wp:attachment":[{"href":"https:\/\/uvvvdolinakardinala.hr\/index.php?rest_route=%2Fwp%2Fv2%2Fmedia&parent=594"}],"wp:term":[{"taxonomy":"category","embeddable":true,"href":"https:\/\/uvvvdolinakardinala.hr\/index.php?rest_route=%2Fwp%2Fv2%2Fcategories&post=594"},{"taxonomy":"post_tag","embeddable":true,"href":"https:\/\/uvvvdolinakardinala.hr\/index.php?rest_route=%2Fwp%2Fv2%2Ftags&post=594"}],"curies":[{"name":"wp","href":"https:\/\/api.w.org\/{rel}","templated":true}]}}