{"id":605,"date":"2017-03-29T08:01:46","date_gmt":"2017-03-29T07:01:46","guid":{"rendered":"http:\/\/uvvvdolinakardinala.hr\/?p=605"},"modified":"2017-03-29T08:01:46","modified_gmt":"2017-03-29T07:01:46","slug":"odrzana-prva-godisnja-skupstina-2","status":"publish","type":"post","link":"https:\/\/uvvvdolinakardinala.hr\/?p=605","title":{"rendered":"Odr\u017eana prva godi\u0161nja skup\u0161tina!"},"content":{"rendered":"<p>U petak na obiteljskom gospodarstvu &#8216;\u0160imanovi\u0107&#8217; odr\u017eana 1. godi\u0161nja izvje\u0161tajna skup\u0161tina udruge vinara, vinogradara i vo\u0107ara &#8216;Dolina kardinala&#8217;. Nakon skup\u0161tine odr\u017eana je i po prvi puta tzv. &#8216;\u0161pijuna\u017ea&#8217; vina koja su sakupljena od \u010dlanova udruge.<\/p>\n<p><a href=\"https:\/\/uvvvdolinakardinala.hr\/wp-content\/uploads\/2017\/03\/5qkeuq87.jpg\"><img decoding=\"async\" loading=\"lazy\" class=\"alignnone size-full wp-image-606\" src=\"https:\/\/uvvvdolinakardinala.hr\/wp-content\/uploads\/2017\/03\/5qkeuq87.jpg\" alt=\"\" width=\"777\" height=\"444\" srcset=\"https:\/\/uvvvdolinakardinala.hr\/wp-content\/uploads\/2017\/03\/5qkeuq87.jpg 777w, https:\/\/uvvvdolinakardinala.hr\/wp-content\/uploads\/2017\/03\/5qkeuq87-300x171.jpg 300w, https:\/\/uvvvdolinakardinala.hr\/wp-content\/uploads\/2017\/03\/5qkeuq87-768x439.jpg 768w\" sizes=\"(max-width: 777px) 100vw, 777px\" \/><\/a><\/p>\n","protected":false},"excerpt":{"rendered":"<p>U petak na obiteljskom gospodarstvu &#8216;\u0160imanovi\u0107&#8217; odr\u017eana 1. godi\u0161nja izvje\u0161tajna skup\u0161tina udruge vinara, vinogradara i vo\u0107ara &#8216;Dolina kardinala&#8217;. Nakon skup\u0161tine odr\u017eana je i po prvi puta tzv. &#8216;\u0161pijuna\u017ea&#8217; vina koja su sakupljena od \u010dlanova udruge.<\/p>\n","protected":false},"author":2,"featured_media":0,"comment_status":"closed","ping_status":"open","sticky":false,"template":"","format":"standard","meta":[],"categories":[1],"tags":[],"_links":{"self":[{"href":"https:\/\/uvvvdolinakardinala.hr\/index.php?rest_route=\/wp\/v2\/posts\/605"}],"collection":[{"href":"https:\/\/uvvvdolinakardinala.hr\/index.php?rest_route=\/wp\/v2\/posts"}],"about":[{"href":"https:\/\/uvvvdolinakardinala.hr\/index.php?rest_route=\/wp\/v2\/types\/post"}],"author":[{"embeddable":true,"href":"https:\/\/uvvvdolinakardinala.hr\/index.php?rest_route=\/wp\/v2\/users\/2"}],"replies":[{"embeddable":true,"href":"https:\/\/uvvvdolinakardinala.hr\/index.php?rest_route=%2Fwp%2Fv2%2Fcomments&post=605"}],"version-history":[{"count":1,"href":"https:\/\/uvvvdolinakardinala.hr\/index.php?rest_route=\/wp\/v2\/posts\/605\/revisions"}],"predecessor-version":[{"id":607,"href":"https:\/\/uvvvdolinakardinala.hr\/index.php?rest_route=\/wp\/v2\/posts\/605\/revisions\/607"}],"wp:attachment":[{"href":"https:\/\/uvvvdolinakardinala.hr\/index.php?rest_route=%2Fwp%2Fv2%2Fmedia&parent=605"}],"wp:term":[{"taxonomy":"category","embeddable":true,"href":"https:\/\/uvvvdolinakardinala.hr\/index.php?rest_route=%2Fwp%2Fv2%2Fcategories&post=605"},{"taxonomy":"post_tag","embeddable":true,"href":"https:\/\/uvvvdolinakardinala.hr\/index.php?rest_route=%2Fwp%2Fv2%2Ftags&post=605"}],"curies":[{"name":"wp","href":"https:\/\/api.w.org\/{rel}","templated":true}]}}