{"id":704,"date":"2018-05-13T20:19:53","date_gmt":"2018-05-13T19:19:53","guid":{"rendered":"http:\/\/uvvvdolinakardinala.hr\/?p=704"},"modified":"2018-05-13T20:19:53","modified_gmt":"2018-05-13T19:19:53","slug":"sampionom-proglasen-traminac-ledena-berba-og-simanovic","status":"publish","type":"post","link":"https:\/\/uvvvdolinakardinala.hr\/?p=704","title":{"rendered":"\u0160ampionom progla\u0161en Traminac ledena berba OG \u0160imanovi\u0107"},"content":{"rendered":"<p>U jakoj konkurenciji od 166 uzoraka vinari sa podru\u010dja Kra\u0161i\u0107a i okolice sudjelovali su na 19. Izlo\u017ebi vina povodom \u201eDana kra\u0161i\u0107koga kraja\u201c koji su odr\u017eani 10.-13. svibnja.\u00a0 Na ocjenjivanju koje se je odr\u017ealo krajem travnja za \u0161ampiona progla\u0161eno je vino OG \u0160imanovi\u0107 Traminac ledena berba 2015. godina sa ocjenom 91.<\/p>\n<p>Organizacijski odbor ocjenjivanja vina \u201eDani kra\u0161i\u0107koga kraja 2018.\u201c, zahvaljuje se svim vinarima koji su svoje uzorke vina donijeli na ocjenjivanje. Zahvaljujemo se Op\u0107ini Kra\u0161i\u0107, Zagreba\u010dkoj \u017eupaniji i Turisti\u010dkoj zajednici op\u0107ine Kra\u0161i\u0107 na velikoj podr\u0161ci, a svim sponzorima zahvaljujemo na nov\u010danoj pomo\u0107i tiskanja kataloga.<\/p>\n<p><a href=\"https:\/\/uvvvdolinakardinala.hr\/wp-content\/uploads\/2018\/05\/iii.jpg\"><img decoding=\"async\" loading=\"lazy\" class=\"alignnone size-full wp-image-706\" src=\"https:\/\/uvvvdolinakardinala.hr\/wp-content\/uploads\/2018\/05\/iii.jpg\" alt=\"\" width=\"720\" height=\"960\" srcset=\"https:\/\/uvvvdolinakardinala.hr\/wp-content\/uploads\/2018\/05\/iii.jpg 720w, https:\/\/uvvvdolinakardinala.hr\/wp-content\/uploads\/2018\/05\/iii-225x300.jpg 225w\" sizes=\"(max-width: 720px) 100vw, 720px\" \/><\/a><\/p>\n","protected":false},"excerpt":{"rendered":"<p>U jakoj konkurenciji od 166 uzoraka vinari sa podru\u010dja Kra\u0161i\u0107a i okolice sudjelovali su na 19. Izlo\u017ebi vina povodom \u201eDana kra\u0161i\u0107koga kraja\u201c koji su odr\u017eani 10.-13. svibnja.\u00a0 Na ocjenjivanju koje se je odr\u017ealo krajem travnja za \u0161ampiona progla\u0161eno je vino OG \u0160imanovi\u0107 Traminac ledena berba 2015. godina sa ocjenom 91. Organizacijski odbor ocjenjivanja vina \u201eDani [&hellip;]<\/p>\n","protected":false},"author":2,"featured_media":0,"comment_status":"closed","ping_status":"open","sticky":false,"template":"","format":"standard","meta":[],"categories":[1],"tags":[],"_links":{"self":[{"href":"https:\/\/uvvvdolinakardinala.hr\/index.php?rest_route=\/wp\/v2\/posts\/704"}],"collection":[{"href":"https:\/\/uvvvdolinakardinala.hr\/index.php?rest_route=\/wp\/v2\/posts"}],"about":[{"href":"https:\/\/uvvvdolinakardinala.hr\/index.php?rest_route=\/wp\/v2\/types\/post"}],"author":[{"embeddable":true,"href":"https:\/\/uvvvdolinakardinala.hr\/index.php?rest_route=\/wp\/v2\/users\/2"}],"replies":[{"embeddable":true,"href":"https:\/\/uvvvdolinakardinala.hr\/index.php?rest_route=%2Fwp%2Fv2%2Fcomments&post=704"}],"version-history":[{"count":2,"href":"https:\/\/uvvvdolinakardinala.hr\/index.php?rest_route=\/wp\/v2\/posts\/704\/revisions"}],"predecessor-version":[{"id":707,"href":"https:\/\/uvvvdolinakardinala.hr\/index.php?rest_route=\/wp\/v2\/posts\/704\/revisions\/707"}],"wp:attachment":[{"href":"https:\/\/uvvvdolinakardinala.hr\/index.php?rest_route=%2Fwp%2Fv2%2Fmedia&parent=704"}],"wp:term":[{"taxonomy":"category","embeddable":true,"href":"https:\/\/uvvvdolinakardinala.hr\/index.php?rest_route=%2Fwp%2Fv2%2Fcategories&post=704"},{"taxonomy":"post_tag","embeddable":true,"href":"https:\/\/uvvvdolinakardinala.hr\/index.php?rest_route=%2Fwp%2Fv2%2Ftags&post=704"}],"curies":[{"name":"wp","href":"https:\/\/api.w.org\/{rel}","templated":true}]}}